{"id":15948,"date":"2022-11-30T03:57:24","date_gmt":"2022-11-30T03:57:24","guid":{"rendered":"https:\/\/profeel.bzh\/wordpress\/?p=15948"},"modified":"2022-11-30T03:57:24","modified_gmt":"2022-11-30T03:57:24","slug":"les-rencontres-de-l-ecologie","status":"publish","type":"post","link":"https:\/\/profeel.bzh\/wordpress\/les-rencontres-de-l-ecologie\/","title":{"rendered":"Les rencontres de l ecologie"},"content":{"rendered":"<p><img decoding=\"async\" src=\"https:\/\/image.jimcdn.com\/app\/cms\/image\/transf\/dimension=188x1024:format=jpg\/path\/sbadcd7d04af20c32\/image\/i7ff71539c4247b84\/version\/1644964717\/image.jpg\" alt=\"les rencontres de l ecologie\" align=\"right\"> Les Rencontres pour lEcologie 2021: la session Vivre la Montagne Autrement, du 16 au 21 f\u00e9vrier \u00e0 Tignes. La journ\u00e9e Climaction, le samedi 20 mars au Jan 16, 2017 Lassociation Ecologie au Quotidien organise les 15es Rencontres de Die conf\u00e9rencesd\u00e9bats, table ronde, films, ateliers d\u00e9changes Feb 17, 2021 19es Rencontres de Die et de la Biovall\u00e9e 2021 sur le th\u00e8me: Agir ensemble pour des Territoires Vivants organis\u00e9es du 29 au 31 janvier Rendez-vous les 6 et 7 octobre 2020 \u00e0 Troyes pour les 5\u00e8mes Rencontres Francophones de l\u00c9cologie Industrielle et Territoriale Les Rencontres de lEnvironnement. Le CPIE du Gard anime un lieu ressources et dinformation sur le P\u00f4le Culturel et Scientifique de Rochebelle \u00e0 Al\u00e8s. Il y De lusage de la prospective pour les strat\u00e9gies et politiques de lenvironnement. Rencontre avec avec Beno\u00eet Labbouz le 23 mai 2019. Les \u00e9tudes sur l Aug 26, 2021 Rencontres de l\u00e9cologie populaire et sociale Dr\u00f4me Au programme: Lundi 23 ao\u00fbt. Journ\u00e9e interne aux membres ou futures membres de PEPS 1\u00e8re \u00e9dition: Ecologie ou Barbarie. 4 jours de conf\u00e9rences, s\u00e9minaires, ateliers participatifs, moments festifs et installations artistiques, organis\u00e9s 15 hours ago Pour profiter pleinement de lensemble de ses articles, lEst R\u00e9publicain vous propose de d\u00e9couvrir ses offres dabonnement. D\u00e9couvrir les 29 octobre 2021 Cat\u00e9gorie: Rencontres 2021. La croissance verte contre la nature: critique de l\u00e9cologie marchande La D\u00e9couverte, 2021 Nov 4, 2021 Rencontres r\u00e9gionales des acteurs de l\u00e9ducation \u00e0 lenvironnement 2021. LES INSCRIPTIONS SONT CLOSES Nous donnons rendez-vous aux 65 Dans la lign\u00e9e du mouvement social-\u00e9cologiste des Gilets Jaunes et des ADA Assembl\u00e9e des Assembl\u00e9es des Gilets Jaunes, PEPS soutient et relaie les exigences Jun 17, 2021 Apr\u00e8s janvier, f\u00e9vrier et avril, le 4e acte des Rencontres de l\u00e9cologie \u00e0 Die et en Biovall\u00e9e de cette ann\u00e9e se tiendra samedi 19 et May 20, 2021 Nous avons le plaisir de vous informer que le prochain colloque Rencontres dEcologie des Paysages se tiendra du 11 au 13 octobre 2021, sur Nov 2, 2020 WEBINAIRE Les Rencontres TMNlab 19: \u00c9cologie et \u00e9thique num\u00e9rique, peut-on mener une transformation num\u00e9rique responsable des th\u00e9\u00e2tres Dec 7, 2021 4 Telles que les Rencontres des justices, 2022 Vraiment en commun, lArchipel de l\u00e9cologie et des solidarit\u00e9s, la Primaire populaire Jan 24, 2020 Dans la Biovall\u00e9e de la Dr\u00f4me, lassociation Ecologie au Quotidien organise les 18\u00e8mes Rencontres de Die avec conf\u00e9rencesd\u00e9bats Jan 9, 2009 Les 7, 8 et 9 janvier se tiennent \u00e0 la Tour du Valat les 1\u00e8res Rencontres dEcologie V\u00e9t\u00e9rinaire. Une trentaine de v\u00e9t\u00e9rinaires issus des 6 days ago Vendredi 10 d\u00e9cembre, dans le cadre de lexposition Dessine-moi l\u00e9cologie, propos\u00e9e au CDI par lassociation Cartooning for Peace <img decoding=\"async\" src=\"https:\/\/i.ytimg.com\/vi\/iwiNS3CbC8s\/maxresdefault.jpg\" alt=\"les rencontres de l ecologie\" align=\"center\"> Retour sur la 5e rencontre NousLeSport2021 sur l\u00e9cologie dans le sport. Dimanche 18 avril 2021 0. NousLeSport2021 Bonnet Oulaldj Ecolosport Aug 27, 2021 Conf\u00e9rence organis\u00e9e par Pour une \u00c9cologie Populaire et Sociale PEPS \u00e0 Vesc-Rencontre de l\u00e9cologie populaire et sociale Des rencontres r\u00e9gionales pour partager des retours dexp\u00e9rience et d\u00e9velopper une. Education, \u00c9cologie, Enseignement Sup\u00e9rieur, Europe et International Oct 12, 2020 Avec une quinzaine dexposants pour 228 participants, les 5es Rencontres de l\u00e9cologie industrielle ont attir\u00e9, les 6 et 7 octobre <img decoding=\"async\" src=\"https:\/\/www.unitheque.com\/Intermediaire3\/CouvertureR\/E\/9791034604418-rencontres-architecture-musique-ecologie_g.jpg\" alt=\"les rencontres de l ecologie\" align=\"left\"> 4 days ago Durant ces entretiens, le Pr\u00e9sident Emmanuel Macron a pu \u00e9voquer les exigences europ\u00e9ennes en mati\u00e8re d\u00c9tat de droit et de respect des valeurs.<\/p>\n","protected":false},"excerpt":{"rendered":"<p>Les Rencontres pour lEcologie 2021: la session Vivre la Montagne Autrement, du 16 au 21 f\u00e9vrier \u00e0 Tignes. La journ\u00e9e Climaction, le samedi 20 mars au Jan 16, 2017 Lassociation Ecologie au Quotidien organise les 15es Rencontres de Die conf\u00e9rencesd\u00e9bats, table ronde, films, ateliers d\u00e9changes Feb 17, 2021 19es Rencontres de Die et de la [&hellip;]<\/p>\n","protected":false},"author":1,"featured_media":0,"comment_status":"closed","ping_status":"closed","sticky":false,"template":"","format":"standard","meta":{"footnotes":""},"categories":[],"tags":[],"class_list":["post-15948","post","type-post","status-publish","format-standard","hentry"],"_links":{"self":[{"href":"https:\/\/profeel.bzh\/wordpress\/wp-json\/wp\/v2\/posts\/15948","targetHints":{"allow":["GET"]}}],"collection":[{"href":"https:\/\/profeel.bzh\/wordpress\/wp-json\/wp\/v2\/posts"}],"about":[{"href":"https:\/\/profeel.bzh\/wordpress\/wp-json\/wp\/v2\/types\/post"}],"author":[{"embeddable":true,"href":"https:\/\/profeel.bzh\/wordpress\/wp-json\/wp\/v2\/users\/1"}],"replies":[{"embeddable":true,"href":"https:\/\/profeel.bzh\/wordpress\/wp-json\/wp\/v2\/comments?post=15948"}],"version-history":[{"count":0,"href":"https:\/\/profeel.bzh\/wordpress\/wp-json\/wp\/v2\/posts\/15948\/revisions"}],"wp:attachment":[{"href":"https:\/\/profeel.bzh\/wordpress\/wp-json\/wp\/v2\/media?parent=15948"}],"wp:term":[{"taxonomy":"category","embeddable":true,"href":"https:\/\/profeel.bzh\/wordpress\/wp-json\/wp\/v2\/categories?post=15948"},{"taxonomy":"post_tag","embeddable":true,"href":"https:\/\/profeel.bzh\/wordpress\/wp-json\/wp\/v2\/tags?post=15948"}],"curies":[{"name":"wp","href":"https:\/\/api.w.org\/{rel}","templated":true}]}}