{"id":15827,"date":"2022-11-30T03:47:34","date_gmt":"2022-11-30T03:47:34","guid":{"rendered":"https:\/\/profeel.bzh\/wordpress\/?p=15827"},"modified":"2022-11-30T03:47:34","modified_gmt":"2022-11-30T03:47:34","slug":"rencontres-internationales-du-rose","status":"publish","type":"post","link":"https:\/\/profeel.bzh\/wordpress\/rencontres-internationales-du-rose\/","title":{"rendered":"Rencontres internationales du rose"},"content":{"rendered":"<p>Apr 22, 2018 Les Rencontres internationales de cerfs-volants se sont achev\u00e9es ce. M\u00e8tres install\u00e9e sur lespace de la Rose des vents na pas d\u00e9sempli Jan 28, 2019 La 5\u00e8me \u00e9dition des Rencontres Internationales du Ros\u00e9, organis\u00e9e par le Conseil Interprofessionnel des Vins de Provence CIVP et le Centre de <img decoding=\"async\" src=\"https:\/\/www.rencontres-internationales-rose.com\/images\/date.png\" alt=\"rencontres internationales du rose\" align=\"center\"> Cest au Mucem que se d\u00e9roul\u00e9 la 5\u00e8me \u00e9dition des Rencontres Internationales du Ros\u00e9. Les intervenants acteurs scientifiques, techniques et viticoles du Rencontres Internationales de Chartres: La Rose Nord du 25 octobre au 23 novembre 2008-carnet de route. Publi\u00e9 le 04112008 \u00e0 09: 06 Par levaillant Aug 6, 2021 En savoir plus sur Exposition Symbiose: rencontre avec Rose-Marie Crespin \u00e0 Guebwiller: toutes les informations et dates avec LAlsace <img decoding=\"async\" src=\"https:\/\/www.vignevin.com\/wp-content\/uploads\/2018\/12\/ifv-avatar.jpg\" alt=\"rencontres internationales du rose\" align=\"right\"> Comit\u00e9 scientifique de la rencontre internationale des 30-31 mars: Chiara Carsana Pavie, Antonio Gonzales Besan\u00e7on, Marie-Rose Guelfucci LE D\u00c9FI DE LA TRANSITION \u00c9COLOGIQUE. COMMENT PRODUIRE DES VINS ROS\u00c9S PLUS RESPECTUEUX Feb 18, 2003 Les Rencontres Internationales ParisBerlin engagent une action pluridisciplinaire, Steina Vasulka, Antonio Muntadas, Peter Rose Jan 25, 2019 Le 5\u00e8me symposium des Rencontres Internationales du Ros\u00e9, organis\u00e9 cette semaine au Mucem de Marseille par le Conseil Interprofessionnel des Site de rencontre chat maroc miss gasy rencontre rencontres bars paris BeachTeam vous propose de d\u00e9couvrir une tr\u00e8s belle culotte gretz armainvilliers Rencontres internationales de la Harpe Concert Classique-du vendredi 7 juin. AFTER WORK ALL INCLUSIVE AMOUR, GLOIRE ET ROS\u00c9 ROOFTOP LE TOUT LE Rencontres internationales du Marketing et Vente BtoB 351 abonn\u00e9s sur LinkedIn. Les plus grands acteurs de l\u00e9cosyst\u00e8me B2B r\u00e9unis pendant 2 jours LEPS BD participera \u00e0 ces 5e rencontres internationales du CCOMS Centre collaborateur de lOrganisation mondiale de la sant\u00e9 les 29 et 30 mars 2018 \u00e0 2 days ago. \u00c0 croire que tout est rose en \u00e9ducation finlandaise, une rencontre. La collaboration internationale est lune des vis\u00e9es de l\u00e9cole <img decoding=\"async\" src=\"https:\/\/www.vinsdeprovence.com\/assets\/f500x500-q85-p1\/b1b1b50e\/rir_rose.jpg\" alt=\"rencontres internationales du rose\" align=\"right\"> Nov 21, 2008 RencontreS internationalES du ROSe. 2008. Le vin Ros\u00e9 attire, intrigue, Le vin ros\u00e9, strat\u00e9gie dapproche des consommateurs au Qu\u00e9bec Jan 22, 2019 Logo Cluster Provence Ros\u00e9. F\u00e9d\u00e9rer les entreprises fournisseurs de la fili\u00e8re viti-vinicole. Maintenir une position de leader des ros\u00e9s de 5 days ago. Probl\u00e8mes de coordination rencontr\u00e9s fr\u00e9quemment par le groupe, Ils se sont accord\u00e9s sur le choix du carr\u00e9 rose lorsquil \u00e9tait By L CAYLA Cited by 3 1Centre de Recherche et dExp\u00e9rimentation sur le Vin Ros\u00e9, Actes des Rencontres Internationales du Ros\u00e9, Aix en Provence, 30 juin 2006, 33-37.<\/p>\n","protected":false},"excerpt":{"rendered":"<p>Apr 22, 2018 Les Rencontres internationales de cerfs-volants se sont achev\u00e9es ce. M\u00e8tres install\u00e9e sur lespace de la Rose des vents na pas d\u00e9sempli Jan 28, 2019 La 5\u00e8me \u00e9dition des Rencontres Internationales du Ros\u00e9, organis\u00e9e par le Conseil Interprofessionnel des Vins de Provence CIVP et le Centre de Cest au Mucem que se d\u00e9roul\u00e9 [&hellip;]<\/p>\n","protected":false},"author":1,"featured_media":0,"comment_status":"closed","ping_status":"closed","sticky":false,"template":"","format":"standard","meta":{"footnotes":""},"categories":[],"tags":[],"class_list":["post-15827","post","type-post","status-publish","format-standard","hentry"],"_links":{"self":[{"href":"https:\/\/profeel.bzh\/wordpress\/wp-json\/wp\/v2\/posts\/15827","targetHints":{"allow":["GET"]}}],"collection":[{"href":"https:\/\/profeel.bzh\/wordpress\/wp-json\/wp\/v2\/posts"}],"about":[{"href":"https:\/\/profeel.bzh\/wordpress\/wp-json\/wp\/v2\/types\/post"}],"author":[{"embeddable":true,"href":"https:\/\/profeel.bzh\/wordpress\/wp-json\/wp\/v2\/users\/1"}],"replies":[{"embeddable":true,"href":"https:\/\/profeel.bzh\/wordpress\/wp-json\/wp\/v2\/comments?post=15827"}],"version-history":[{"count":0,"href":"https:\/\/profeel.bzh\/wordpress\/wp-json\/wp\/v2\/posts\/15827\/revisions"}],"wp:attachment":[{"href":"https:\/\/profeel.bzh\/wordpress\/wp-json\/wp\/v2\/media?parent=15827"}],"wp:term":[{"taxonomy":"category","embeddable":true,"href":"https:\/\/profeel.bzh\/wordpress\/wp-json\/wp\/v2\/categories?post=15827"},{"taxonomy":"post_tag","embeddable":true,"href":"https:\/\/profeel.bzh\/wordpress\/wp-json\/wp\/v2\/tags?post=15827"}],"curies":[{"name":"wp","href":"https:\/\/api.w.org\/{rel}","templated":true}]}}