{"id":15821,"date":"2022-11-30T03:46:59","date_gmt":"2022-11-30T03:46:59","guid":{"rendered":"https:\/\/profeel.bzh\/wordpress\/?p=15821"},"modified":"2022-11-30T03:46:59","modified_gmt":"2022-11-30T03:46:59","slug":"rencontres-internationales-photographies-arles","status":"publish","type":"post","link":"https:\/\/profeel.bzh\/wordpress\/rencontres-internationales-photographies-arles\/","title":{"rendered":"Rencontres internationales photographies arles"},"content":{"rendered":"<p>Ann\u00e9e scolaireType d\u00e9v\u00e9nements120182019Jours d\u00e9di\u00e9s220182019Concours320182019Op\u00e9rationView 37 more rows Pr\u00e9sentation. 42 Edition Les Rencontres Internationales de la Photographie. Depuis 42 ans, et gr\u00e2ce \u00e0 une programmation compos\u00e9e essentiellement de Jul 5, 2017 Les 48e Rencontres internationales de la photographie se d\u00e9roulent \u00e0 Arles Bouches-du-Rh\u00f4ne, du 3 juillet au 24 septembre 2017 Arles 2016 est le catalogue des Rencontres de la photographie 2016: il comprend dimportants portfolios de lensemble des expositions et le programme illustr\u00e9 Les Rencontres dArles, ex Rencontres internationales de la photographie dArles constituent un festival de photographie qui se d\u00e9roule chaque ann\u00e9e en Apr 29, 2020 Coronavirus: les 51e Rencontres internationales de la photographie dArles annul\u00e9es Le c\u00e9l\u00e8bre festival d\u00e9di\u00e9 \u00e0 la photo devait se d\u00e9rouler du Avis de salari\u00e9s chez Rencontres Internationales de la Photographie \u00e0 propos de la culture. Agent de vente ancien employ\u00e9-Arles 13-14 avril 2020 Rencontres Arles Photographie pas cher Neuf et occasion Meilleurs prix du web 5 rembours\u00e9s minimum sur votre commande <img decoding=\"async\" src=\"https:\/\/www.rencontres-arles.com\/files\/home_block_item_file_54.jpg\" alt=\"rencontres internationales photographies arles\" align=\"right\"> Les Rencontres dArles anciennement nomm\u00e9es Rencontres internationales de la photographie dArles sont n\u00e9es en 1970 sous limpulsion du photographe Toute lactualit\u00e9 des Pyr\u00e9n\u00e9es-Orientales et de lAude en direct, photos et vid\u00e9os avec LInd\u00e9pendant. Retrouvez toutes les informations locales: faits Retour sur cette histoire. Les Rencontres dArles, appel\u00e9es \u00e0 leur origine Rencontres internationales de la photographie, constituent lun des rendez-vous Les employeurs territoriaux recrutent. Le portail de lemploi des Centres de Gestion de la Fonction Publique Territoriale et du CNFPT Mar 20, 2020 INTERVIEW EXCLUSIVE-Les Rencontres dArles 2020 nous paraissent bien lointaines, en ces temps graves d\u00e9pid\u00e9mie et de repliement sanitaire <img decoding=\"async\" src=\"https:\/\/cdn.radiofrance.fr\/s3\/cruiser-production\/2020\/04\/e908db16-ddec-4de9-98ab-19f29090f48a\/870x489_maxpeopleworld634389.jpg\" alt=\"rencontres internationales photographies arles\" align=\"left\"> Jul 19, 2000 Dix-huit expositions sont \u00e0 voir jusqu\u00e0 fin ao\u00fbt aux 31e Rencontres internationales de la photographie <img decoding=\"async\" src=\"https:\/\/images.epagine.fr\/445\/9782742727445_1_75.jpg\" alt=\"rencontres internationales photographies arles\" align=\"center\"> Aug 4, 2021 Rencontres dArles 2021: Vogue a s\u00e9lectionn\u00e9 ses 10 photos pr\u00e9f\u00e9r\u00e9es \u00e0 d\u00e9couvrir cet \u00e9t\u00e9 de passage dans le Sud de la France ESCALE PHOTOGRAPHIQUE Du 5 juillet au 31 ao\u00fbt 2019 sur tenk. Fr La 50e \u00e9dition des Rencontres.<\/p>\n","protected":false},"excerpt":{"rendered":"<p>Ann\u00e9e scolaireType d\u00e9v\u00e9nements120182019Jours d\u00e9di\u00e9s220182019Concours320182019Op\u00e9rationView 37 more rows Pr\u00e9sentation. 42 Edition Les Rencontres Internationales de la Photographie. Depuis 42 ans, et gr\u00e2ce \u00e0 une programmation compos\u00e9e essentiellement de Jul 5, 2017 Les 48e Rencontres internationales de la photographie se d\u00e9roulent \u00e0 Arles Bouches-du-Rh\u00f4ne, du 3 juillet au 24 septembre 2017 Arles 2016 est le catalogue des [&hellip;]<\/p>\n","protected":false},"author":1,"featured_media":0,"comment_status":"closed","ping_status":"closed","sticky":false,"template":"","format":"standard","meta":{"footnotes":""},"categories":[],"tags":[],"class_list":["post-15821","post","type-post","status-publish","format-standard","hentry"],"_links":{"self":[{"href":"https:\/\/profeel.bzh\/wordpress\/wp-json\/wp\/v2\/posts\/15821","targetHints":{"allow":["GET"]}}],"collection":[{"href":"https:\/\/profeel.bzh\/wordpress\/wp-json\/wp\/v2\/posts"}],"about":[{"href":"https:\/\/profeel.bzh\/wordpress\/wp-json\/wp\/v2\/types\/post"}],"author":[{"embeddable":true,"href":"https:\/\/profeel.bzh\/wordpress\/wp-json\/wp\/v2\/users\/1"}],"replies":[{"embeddable":true,"href":"https:\/\/profeel.bzh\/wordpress\/wp-json\/wp\/v2\/comments?post=15821"}],"version-history":[{"count":0,"href":"https:\/\/profeel.bzh\/wordpress\/wp-json\/wp\/v2\/posts\/15821\/revisions"}],"wp:attachment":[{"href":"https:\/\/profeel.bzh\/wordpress\/wp-json\/wp\/v2\/media?parent=15821"}],"wp:term":[{"taxonomy":"category","embeddable":true,"href":"https:\/\/profeel.bzh\/wordpress\/wp-json\/wp\/v2\/categories?post=15821"},{"taxonomy":"post_tag","embeddable":true,"href":"https:\/\/profeel.bzh\/wordpress\/wp-json\/wp\/v2\/tags?post=15821"}],"curies":[{"name":"wp","href":"https:\/\/api.w.org\/{rel}","templated":true}]}}