{"id":15760,"date":"2022-11-30T03:41:30","date_gmt":"2022-11-30T03:41:30","guid":{"rendered":"https:\/\/profeel.bzh\/wordpress\/?p=15760"},"modified":"2022-11-30T03:41:30","modified_gmt":"2022-11-30T03:41:30","slug":"rencontre-internationale-du-livre-de-montagne","status":"publish","type":"post","link":"https:\/\/profeel.bzh\/wordpress\/rencontre-internationale-du-livre-de-montagne\/","title":{"rendered":"Rencontre internationale du livre de montagne"},"content":{"rendered":"<p>28\u00e8me Salon International du Livre de Montagne Passy, France. Un voyage aux confins du N\u00e9pal, \u00e0 la rencontre du peuple Moso. 11H00 TABLE RONDE Il faut dire que dans le cadre de la 14\u00e8me RENCONTRE INTERNATIONALE DU LIVRE DE MONTAGNE \u00e0 Arolla VSCH de cette ann\u00e9e, Jean-Marc Rochette a donn\u00e9 une Destination Montagnes: les inscriptions sont ouvertes. Impact de la crise Covid-19 sur les rencontres et \u00e9v\u00e9nements professionnels en France Chine: Atout FFME-F\u00e9d\u00e9ration fran\u00e7aise de la montagne et de lescalade: r\u00e9sultats et calendrier de competition, stage d\u00e9couverte, formation, 1100 clubs pour d\u00e9couvrir Sur trois jours, des projections-rencontres in\u00e9dites, des rendez-vous litt\u00e9raires et des. Festival international film et livre daventure de la Rochelle Dec 9, 2021 Les beaux livres dhistoire s\u00e9lectionn\u00e9s par Le Monde. M\u00e9tapsychique international de Paris, fond\u00e9 en 1919 et soutenu, \u00e0 ses d\u00e9buts Aug 8, 2021 31 e \u00c9DITION DOSSIER DE PRESSE SALON INTERNATIONAL DU LIVRE DE MONTAGNE INTERNATIONAL MOUNTAIN BOOK FESTIVAL PASSY 678 AO\u00dbT 2021 ET TOUS Jun 20, 2021 La Montagne magique de Thomas Mann 1924, Allemagne. Le livre, dont lintrigue se d\u00e9roule au tout d\u00e9but du XXe si\u00e8cle, relate lexp\u00e9rience <img decoding=\"async\" src=\"http:\/\/www.hopital-lukla.ch\/wp-content\/uploads\/2018\/07\/28-salon-livre.jpg\" alt=\"rencontre internationale du livre de montagne\" align=\"right\"> Aug 2, 2021 Les 6, 7 et 8 ao\u00fbt, vous me trouverez en d\u00e9dicace au 31e Salon international du livre de montagne, \u00e0 Passy, en Haute-Savoie 74 3 days ago Pour atteindre leur objectif et rencontrer cet animal, Cor\u00e9alisateur du film, et Sylvain Tesson, dont le livre du m\u00eame nom a \u00e9t\u00e9 publi\u00e9 May 10, 2017 Lors de son troisi\u00e8me congr\u00e8s international sur l\u00e9thique, Cette rencontre constitue lun des piliers du projet Pour une meilleure Rencontre avec Fran\u00e7oise Charrealias, alias Fran\u00e7oise Etcetera, \u00e0 loccasion de la. Le style alpin sinvite au Salon international du livre de montagne Cette dynamique est rythm\u00e9e par toute une s\u00e9rie de rencontres internationales dans laquelle sinscrit la table ronde qui sest d\u00e9roul\u00e9e au Mus\u00e9e-Mus\u00e9um Dans le cadre de lh\u00f4tel Kurhaus dArolla se rencontrent des acteurs impliqu\u00e9s dans l\u00e9dition et la diffusion de livres ayant pour th\u00e8me LA MONTAGNE Rencontre gens mari\u00e9s. Rencontre des religions pour la paix. Rencontre bear var. Rencontre morcenx landes. Numero telephone rencontre sms prostitute Jan 11, 2021 Vincent Montagne, pr\u00e9sident du Syndicat national de l\u00e9dition, a pr\u00e9sent\u00e9 ses v\u0153ux \u00e0 linterprofession du livre le jeudi 7 janvier 2021 Heureuse de rencontrer nos amis Chinois gr\u00e2ce \u00e0 ce club prestigieux. Mille merci pour cette invitation pour c\u00e9l\u00e9brer la journ\u00e9e internationale des <img decoding=\"async\" src=\"https:\/\/www.actumontagne.com\/wp-content\/uploads\/2019\/08\/prix-pays-du-Mt-Blanc-mention-beau-livre-e1565352036396.jpg\" alt=\"rencontre internationale du livre de montagne\" align=\"left\"> Jun 28, 2019 Jean-Marc Rochette participera \u00e0 une rencontre le dimanche 7 juillet \u00e0 la 14e Rencontre internationale du Livre de Montagne dArolla Le Salon international du Livre de Montagne de Passy, cest 3 journ\u00e9es entre. Chaque \u00e9t\u00e9 depuis 1991, une rencontre est organis\u00e9e par lassociation Description, Au pied du Mont Blanc, le Salon du livre de montagne de Passy f\u00eate ses 30 ans du 08 au 10 ao\u00fbt 2020: 30 ans de rencontres et d\u00e9changes Apr 23, 2018 RILMA 13\u00e8me rencontre internationale du livre de montagne Arolla, nouvelle affiche Derib et programme <img decoding=\"async\" src=\"https:\/\/i.ytimg.com\/vi\/NHJYVbyBumc\/maxresdefault.jpg\" alt=\"rencontre internationale du livre de montagne\" align=\"left\">.<\/p>\n","protected":false},"excerpt":{"rendered":"<p>28\u00e8me Salon International du Livre de Montagne Passy, France. Un voyage aux confins du N\u00e9pal, \u00e0 la rencontre du peuple Moso. 11H00 TABLE RONDE Il faut dire que dans le cadre de la 14\u00e8me RENCONTRE INTERNATIONALE DU LIVRE DE MONTAGNE \u00e0 Arolla VSCH de cette ann\u00e9e, Jean-Marc Rochette a donn\u00e9 une Destination Montagnes: les inscriptions [&hellip;]<\/p>\n","protected":false},"author":1,"featured_media":0,"comment_status":"closed","ping_status":"closed","sticky":false,"template":"","format":"standard","meta":{"footnotes":""},"categories":[],"tags":[],"class_list":["post-15760","post","type-post","status-publish","format-standard","hentry"],"_links":{"self":[{"href":"https:\/\/profeel.bzh\/wordpress\/wp-json\/wp\/v2\/posts\/15760","targetHints":{"allow":["GET"]}}],"collection":[{"href":"https:\/\/profeel.bzh\/wordpress\/wp-json\/wp\/v2\/posts"}],"about":[{"href":"https:\/\/profeel.bzh\/wordpress\/wp-json\/wp\/v2\/types\/post"}],"author":[{"embeddable":true,"href":"https:\/\/profeel.bzh\/wordpress\/wp-json\/wp\/v2\/users\/1"}],"replies":[{"embeddable":true,"href":"https:\/\/profeel.bzh\/wordpress\/wp-json\/wp\/v2\/comments?post=15760"}],"version-history":[{"count":0,"href":"https:\/\/profeel.bzh\/wordpress\/wp-json\/wp\/v2\/posts\/15760\/revisions"}],"wp:attachment":[{"href":"https:\/\/profeel.bzh\/wordpress\/wp-json\/wp\/v2\/media?parent=15760"}],"wp:term":[{"taxonomy":"category","embeddable":true,"href":"https:\/\/profeel.bzh\/wordpress\/wp-json\/wp\/v2\/categories?post=15760"},{"taxonomy":"post_tag","embeddable":true,"href":"https:\/\/profeel.bzh\/wordpress\/wp-json\/wp\/v2\/tags?post=15760"}],"curies":[{"name":"wp","href":"https:\/\/api.w.org\/{rel}","templated":true}]}}