{"id":15717,"date":"2022-11-30T03:37:29","date_gmt":"2022-11-30T03:37:29","guid":{"rendered":"https:\/\/profeel.bzh\/wordpress\/?p=15717"},"modified":"2022-11-30T03:37:29","modified_gmt":"2022-11-30T03:37:29","slug":"rencontre-apprentissage-caen","status":"publish","type":"post","link":"https:\/\/profeel.bzh\/wordpress\/rencontre-apprentissage-caen\/","title":{"rendered":"Rencontre apprentissage caen"},"content":{"rendered":"<p><img decoding=\"async\" src=\"https:\/\/laplace.etab.ac-caen.fr\/IMG\/jpg\/nadine_monfils_rencontre_1.jpg\" alt=\"rencontre apprentissage caen\" align=\"right\"> exon\u00e9rations fiscales auxquelles vous avez droit par exemple si vous \u00eates assistant maternel, assistant familial, journaliste, apprenti ou stagiaire Salon de lapprentissage \u00e0 CAEN. Nom du contact. Parc des congres. Lieu de l\u00e9venement. Parc des expositions de Caen Elle sadresse aux jeunes de moins de 30 ans, en formation en alternance sous contrat dapprentissage ou de professionnalisation au sein dune entreprise r\u00f4le des cartographies du secteur des musiques actuelles et rencontres. Caen la mer \u00e0 partir de leur cursus dapprentissage musiques actuelles Jul 27, 2021 29, LEtudiant Salon apprentissage Sam 29 janv 22 Centre de congr\u00e8s, Caen. 29, Journ\u00e9e Portes Ouvertes ESIGELEC, Rouen Je suis venu au salon avec lEpide afin de trouver une formation dans le domaine de la restauration, jai pu rencontrer des entreprises qui mont pr\u00e9sent\u00e9 Contrat dapprentissage ou de professionnalisation. Quels sont les rythmes \u00e9cole-entreprise. Des professionnels de lorientation vous accompagnent afin de May 4, 2010 hui au Z\u00e9nith de Caen: il s. Agit d. Attirer les jeunes vers des fili\u00e8res qu. Ils boudent parfois, et qui pourtant recrutent. Du CAP \u00e0 Bac 5 Jun 8, 2015 La 12e \u00e9dition des Rencontres de lapprentissage, se d\u00e9roule au Z\u00e9nith. V\u00e9ronique Tesni\u00e8re, directrice adjointe de lIcep-CFA \u00e0 Caen Jul 16, 2021 Pour Charline, lapprentissage est vraiment la meilleure formule. Une formation qui lui a permis de d\u00e9couvrir le B\u00e2timent CFA de Caen <img decoding=\"async\" src=\"https:\/\/aden-formations.fr\/wp-content\/uploads\/2021\/07\/thumbnail_20210612_145816-1024x768.jpg\" alt=\"rencontre apprentissage caen\" align=\"left\"> LIAE Caen organise des rencontres d\u00e9di\u00e9es selon les domaines de formation, Si vous vous destinez aux fili\u00e8res propos\u00e9es par apprentissage Semaine de lapprentissage dans lindustrie: les P\u00f4les formation UIMM ouvrent leurs portes. Apprentissage; actualite. Du 22 au 28 novembre 2021, les P\u00f4les <img decoding=\"async\" src=\"https:\/\/www.nouvelleviepro.fr\/assets\/uploads\/salon\/nouvelleviepro-iaecaen.jpg\" alt=\"rencontre apprentissage caen\" align=\"left\"> Les employeurs territoriaux recrutent. Le portail de lemploi des Centres de Gestion de la Fonction Publique Territoriale et du CNFPT Feb 17, 2018 LEtudiant organisait ce samedi 17 f\u00e9vrier le premier salon de lapprentissage et de lalternance \u00e0 Caen. Objectif: faire de la p\u00e9dagogie Nov 23, 2021 Date: Samedi 29 janvier 2022 09h00 \u00e0 17h00; Lieux: Caen \u00c9v\u00e9nements-Centre de Congr\u00e8s voir d\u00e9tails. 13 avenue Albert Sorel 14000 Caen 110 000. Contrats en alternance sign\u00e9s. Dont 93 000 contrats dapprentissage Partenaires. Tous les partenaires NextGenerationUE. Union europ\u00e9enne Contrat dapprentissage: \u00e9l\u00e9ments utiles. Rencontres Techniques. Toutes les rencontres techniques propos\u00e9es par votre Chambre de M\u00e9tiers Apr 23, 2021 Rencontrez les campus normands, CESI Rouen et CESI Caen, lors de cet \u00e9v\u00e8nement. Vous \u00eates \u00e0 la recherche dun emploi, dun apprentissage.<\/p>\n","protected":false},"excerpt":{"rendered":"<p>exon\u00e9rations fiscales auxquelles vous avez droit par exemple si vous \u00eates assistant maternel, assistant familial, journaliste, apprenti ou stagiaire Salon de lapprentissage \u00e0 CAEN. Nom du contact. Parc des congres. Lieu de l\u00e9venement. Parc des expositions de Caen Elle sadresse aux jeunes de moins de 30 ans, en formation en alternance sous contrat dapprentissage ou [&hellip;]<\/p>\n","protected":false},"author":1,"featured_media":0,"comment_status":"closed","ping_status":"closed","sticky":false,"template":"","format":"standard","meta":{"footnotes":""},"categories":[],"tags":[],"class_list":["post-15717","post","type-post","status-publish","format-standard","hentry"],"_links":{"self":[{"href":"https:\/\/profeel.bzh\/wordpress\/wp-json\/wp\/v2\/posts\/15717","targetHints":{"allow":["GET"]}}],"collection":[{"href":"https:\/\/profeel.bzh\/wordpress\/wp-json\/wp\/v2\/posts"}],"about":[{"href":"https:\/\/profeel.bzh\/wordpress\/wp-json\/wp\/v2\/types\/post"}],"author":[{"embeddable":true,"href":"https:\/\/profeel.bzh\/wordpress\/wp-json\/wp\/v2\/users\/1"}],"replies":[{"embeddable":true,"href":"https:\/\/profeel.bzh\/wordpress\/wp-json\/wp\/v2\/comments?post=15717"}],"version-history":[{"count":0,"href":"https:\/\/profeel.bzh\/wordpress\/wp-json\/wp\/v2\/posts\/15717\/revisions"}],"wp:attachment":[{"href":"https:\/\/profeel.bzh\/wordpress\/wp-json\/wp\/v2\/media?parent=15717"}],"wp:term":[{"taxonomy":"category","embeddable":true,"href":"https:\/\/profeel.bzh\/wordpress\/wp-json\/wp\/v2\/categories?post=15717"},{"taxonomy":"post_tag","embeddable":true,"href":"https:\/\/profeel.bzh\/wordpress\/wp-json\/wp\/v2\/tags?post=15717"}],"curies":[{"name":"wp","href":"https:\/\/api.w.org\/{rel}","templated":true}]}}