{"id":15695,"date":"2022-11-30T03:35:37","date_gmt":"2022-11-30T03:35:37","guid":{"rendered":"https:\/\/profeel.bzh\/wordpress\/?p=15695"},"modified":"2022-11-30T03:35:37","modified_gmt":"2022-11-30T03:35:37","slug":"rencontre-bouteflika","status":"publish","type":"post","link":"https:\/\/profeel.bzh\/wordpress\/rencontre-bouteflika\/","title":{"rendered":"Rencontre bouteflika"},"content":{"rendered":"<p>Mar 29, 2021 Jack Lang, qui a lui aussi rencontr\u00e9 Bouteflika lors de la visite de Hollande, avait affirm\u00e9 que il y avait si jose dire Alacrit\u00e9 <img decoding=\"async\" src=\"https:\/\/www.express-dz.com\/wp-content\/uploads\/2019\/04\/Abdelaziz-Bouteflika.jpg\" alt=\"rencontre bouteflika\" align=\"center\"> Sep 19, 2021 Emmanuel Macron et Abdelaziz Bouteflika \u00e0 Alger en d\u00e9cembre 2017. Une auditrice centenaire rencontre Emmanuel Macron \u00e0 l\u00c9lys\u00e9e gr\u00e2ce \u00e0 Sep 19, 2021 Emmanuel Macron avait rencontr\u00e9 Abdelaziz Bouteflika, alors pr\u00e9sident, au cours de la visite officielle quil avait effectu\u00e9e en Alg\u00e9rie en Nov 3, 2008. Abdelaziz Bouteflika, en visite officielle en Belgique, a rencontr\u00e9 Lord M. Bouteflika a d\u00e9clar\u00e9 que cette rencontre avait \u00e9t\u00e9 Intelligence Online est une publication professionnelle sur la communaut\u00e9 du renseignement et les cabinets dintelligence \u00e9conomique, en Europe May 13, 2019 Mme Louisa Hanoune a reconnu avoir recontr\u00e9 Sa\u00efd Bouteflika, seul et \u00e0 sa demande. Il n y a pas eu de r\u00e9union des quatre inculp\u00e9s, a soulign\u00e9 Sep 18, 2021 En 2014, nous avions rencontr\u00e9 Toufik, devant la clinique, un soutien de Boutef. Toufik est venu soutenir Bouteflika en 2014 Nov 7, 2015 Pour cela, ils demandent \u00e0 le rencontrer pour sen assurer malgr\u00e9 les assurances du gouvernement affirmant que Bouteflika m\u00eame malade Hongrie: Orban nest pas un partenaire europ\u00e9en. Emmanuel Macron a rencontr\u00e9 le Premier ministre Rencontre Bouteflika-Essid: Appui aux efforts de lONU pour trouver une issue \u00e0. Entre le pr\u00e9sident Abdelaziz Bouteflika et le chef du gouvernement Habib T\u00e9l\u00e9charger cette image: Le Premier ministre David Cameron rencontre le pr\u00e9sident alg\u00e9rien Abdelaziz Bouteflika \u00e0 droite au Palais pr\u00e9sidentiel dAlger <img decoding=\"async\" src=\"https:\/\/i.ytimg.com\/vi\/ZELBXIVXZXQ\/hqdefault.jpg\" alt=\"rencontre bouteflika\" align=\"left\"> Jean Daniel r\u00e9v\u00e8la dans son r\u00e9cit sur la rencontre Bouteflika-Sarkozy: Le premier partenaire de la France devrait \u00eatre le pr\u00e9sident Bouteflika Dec 1, 2018 Aussi a-t-il choisi pour le faire savoir, cette rencontre gouvernement-pr\u00e9fets, \u00e9lus, militaires, bref, tout ce que compte lAlg\u00e9rie comme Sep 19, 2021 Emmanuel Macron avait rencontr\u00e9 Abdelaziz Bouteflika, alors pr\u00e9sident, au cours de la visite officielle quil avait effectu\u00e9e en Alg\u00e9rie en Sep 17, 2018 Point culminant de cette visite \u00e9clair, sa rencontre avec le chef de lEtat alg\u00e9rien Abdelaziz Bouteflika, d\u00e9j\u00e0 report\u00e9e de plus dun an Dec 7, 2017. O\u00f9 il a rencontr\u00e9 pendant plus dune heure le pr\u00e9sident Bouteflika. Alg\u00e9rien Abdelaziz Bouteflika, \u00e0 Alger, le 6 d\u00e9cembre 2017 Oct 29, 2021 Lancien pr\u00e9sident fran\u00e7ais, Fran\u00e7ois hollande a \u00e9voqu\u00e9 sur le plateau de TV 5 Monde, sa derni\u00e8re rencontre avec Abdelaziz Bouteflika <img decoding=\"async\" src=\"https:\/\/www.jeuneafrique.com\/medias\/2017\/10\/11\/medvedev-1234-592x296.jpg\" alt=\"rencontre bouteflika\" align=\"left\">.<\/p>\n","protected":false},"excerpt":{"rendered":"<p>Mar 29, 2021 Jack Lang, qui a lui aussi rencontr\u00e9 Bouteflika lors de la visite de Hollande, avait affirm\u00e9 que il y avait si jose dire Alacrit\u00e9 Sep 19, 2021 Emmanuel Macron et Abdelaziz Bouteflika \u00e0 Alger en d\u00e9cembre 2017. Une auditrice centenaire rencontre Emmanuel Macron \u00e0 l\u00c9lys\u00e9e gr\u00e2ce \u00e0 Sep 19, 2021 Emmanuel Macron [&hellip;]<\/p>\n","protected":false},"author":1,"featured_media":0,"comment_status":"closed","ping_status":"closed","sticky":false,"template":"","format":"standard","meta":{"footnotes":""},"categories":[],"tags":[],"class_list":["post-15695","post","type-post","status-publish","format-standard","hentry"],"_links":{"self":[{"href":"https:\/\/profeel.bzh\/wordpress\/wp-json\/wp\/v2\/posts\/15695","targetHints":{"allow":["GET"]}}],"collection":[{"href":"https:\/\/profeel.bzh\/wordpress\/wp-json\/wp\/v2\/posts"}],"about":[{"href":"https:\/\/profeel.bzh\/wordpress\/wp-json\/wp\/v2\/types\/post"}],"author":[{"embeddable":true,"href":"https:\/\/profeel.bzh\/wordpress\/wp-json\/wp\/v2\/users\/1"}],"replies":[{"embeddable":true,"href":"https:\/\/profeel.bzh\/wordpress\/wp-json\/wp\/v2\/comments?post=15695"}],"version-history":[{"count":0,"href":"https:\/\/profeel.bzh\/wordpress\/wp-json\/wp\/v2\/posts\/15695\/revisions"}],"wp:attachment":[{"href":"https:\/\/profeel.bzh\/wordpress\/wp-json\/wp\/v2\/media?parent=15695"}],"wp:term":[{"taxonomy":"category","embeddable":true,"href":"https:\/\/profeel.bzh\/wordpress\/wp-json\/wp\/v2\/categories?post=15695"},{"taxonomy":"post_tag","embeddable":true,"href":"https:\/\/profeel.bzh\/wordpress\/wp-json\/wp\/v2\/tags?post=15695"}],"curies":[{"name":"wp","href":"https:\/\/api.w.org\/{rel}","templated":true}]}}