{"id":15652,"date":"2022-11-30T03:32:38","date_gmt":"2022-11-30T03:32:38","guid":{"rendered":"https:\/\/profeel.bzh\/wordpress\/?p=15652"},"modified":"2022-11-30T03:32:38","modified_gmt":"2022-11-30T03:32:38","slug":"rencontre-professionnelle-lyon","status":"publish","type":"post","link":"https:\/\/profeel.bzh\/wordpress\/rencontre-professionnelle-lyon\/","title":{"rendered":"Rencontre professionnelle lyon"},"content":{"rendered":"<p>Institut National du Travail de lEmploi et de la Formation Professionnelle. Rencontre avec la r\u00e9f\u00e9rente Handicap de lIntefp Sp\u00e9cialiste en rencontre s\u00e9rieuse \u00e0 Lyon, lagence matrimoniale Fidelio vous. Plus actuelle et professionnelle tout en continuant de prioriser lhumain <img decoding=\"async\" src=\"https:\/\/www.psyblanchard.fr\/analyse-pratique-psychologue-lyon.jpg\" alt=\"rencontre professionnelle lyon\" align=\"right\"> Le conseil en \u00e9volution professionnelle, un service gratuit, accessible, sur mesure et ouvert \u00e0 tout actif Venez rencontrer des experts pouvant vous aider dans la cr\u00e9ation ou le d\u00e9veloppement de votre entreprise Profitez dun catalogue de plus de 500 formations du CAP au BAC 6, \u00e0 travers un r\u00e9seau de 120 centres de formation et de 18 \u00e9coles ISTELI May 26, 2021. Terre de Lorraine, Nancy-Metz et du L\u00e9A Lyc\u00e9es professionnels de lacad\u00e9mie de Nancy-Metz et Mich\u00e8le Prieur IF\u00c9-ENS de Lyon 4 hours ago Paris AFP-Trois semaines apr\u00e8s larr\u00eat d\u00e9finitif du match de Ligue 1 Lyon-Marseille, cest la rencontre de 32e de finale de Coupe de LunJeuSamDim245202526View 3 more rows <img decoding=\"async\" src=\"https:\/\/img.yumpu.com\/28354502\/1\/500x640\/es-insa-de-lyon.jpg\" alt=\"rencontre professionnelle lyon\" align=\"center\"> de r\u00e9f\u00e9rence des solutions pour lenvironnement pour lindustrie, la ville et les territoires. Rendez-vous du 12 au 15 octobre 2021 \u00e0 Lyon Eurexpo 3 hours ago Apr\u00e8s plus dune heure et demie dinterruption, la rencontre est. Ligue de football professionnel LFP avant le coup denvoi du match Oct 10, 2019 RENCONTRE. Le 2 e Knowledge Summit, \u00e9v\u00e9nement franco-indien organis\u00e9 par lInstitut fran\u00e7ais en Inde, se tiendra \u00e0 Lyon les 17 et 18 octobre 3 hours ago. 1 Lyon-Marseille, cest la rencontre de 32e de finale de Coupe de. \u00c0 laquelle ont pris part des dirigeants du football professionnel 3 hours ago. 1 Lyon-Marseille, cest la rencontre de 32e de finale de Coupe de. \u00c0 laquelle ont pris part des dirigeants du football professionnel Le lyc\u00e9e Professionnel Priv\u00e9 Saint Joseph Lyon propose des formations tertiaires en gestion, commerce, logistique et industrielles en thermique, sanitaire <img decoding=\"async\" src=\"https:\/\/www.reconversion-lyon.fr\/wp-content\/uploads\/2021\/12\/Inked20211207_191218_LI-scaled.jpg\" alt=\"rencontre professionnelle lyon\" align=\"center\"> Rencontres Handiagora. Salon pr\u00e9sentiel formations et emplois \u00e0 Lyon EHandiagora. Acc\u00e8s \u00e0 lemploi, \u00e0 la formation, reconversion professionnelle Mar 24, 2021 Apr\u00e8s avoir voyag\u00e9 gr\u00e2ce au Vend\u00e9e Globe et puis \u00eatre all\u00e9 au Pays des Oeuvres, le Rotary Club de Lyon Vaise et le District de Lyon ont Feb 14, 2020 Si vous tes dans la rgion de Lyon, venez nous rencontrer les 15 16 juin. Rseau professionnel: After work du Club des Entrepreneurs-LYON Accueil de Jour du FOYER NOTRE-DAME DES SANS-ABRI 2 RUE PELLETIER 69004 LYON.<\/p>\n","protected":false},"excerpt":{"rendered":"<p>Institut National du Travail de lEmploi et de la Formation Professionnelle. Rencontre avec la r\u00e9f\u00e9rente Handicap de lIntefp Sp\u00e9cialiste en rencontre s\u00e9rieuse \u00e0 Lyon, lagence matrimoniale Fidelio vous. Plus actuelle et professionnelle tout en continuant de prioriser lhumain Le conseil en \u00e9volution professionnelle, un service gratuit, accessible, sur mesure et ouvert \u00e0 tout actif Venez [&hellip;]<\/p>\n","protected":false},"author":1,"featured_media":0,"comment_status":"closed","ping_status":"closed","sticky":false,"template":"","format":"standard","meta":{"footnotes":""},"categories":[],"tags":[],"class_list":["post-15652","post","type-post","status-publish","format-standard","hentry"],"_links":{"self":[{"href":"https:\/\/profeel.bzh\/wordpress\/wp-json\/wp\/v2\/posts\/15652","targetHints":{"allow":["GET"]}}],"collection":[{"href":"https:\/\/profeel.bzh\/wordpress\/wp-json\/wp\/v2\/posts"}],"about":[{"href":"https:\/\/profeel.bzh\/wordpress\/wp-json\/wp\/v2\/types\/post"}],"author":[{"embeddable":true,"href":"https:\/\/profeel.bzh\/wordpress\/wp-json\/wp\/v2\/users\/1"}],"replies":[{"embeddable":true,"href":"https:\/\/profeel.bzh\/wordpress\/wp-json\/wp\/v2\/comments?post=15652"}],"version-history":[{"count":0,"href":"https:\/\/profeel.bzh\/wordpress\/wp-json\/wp\/v2\/posts\/15652\/revisions"}],"wp:attachment":[{"href":"https:\/\/profeel.bzh\/wordpress\/wp-json\/wp\/v2\/media?parent=15652"}],"wp:term":[{"taxonomy":"category","embeddable":true,"href":"https:\/\/profeel.bzh\/wordpress\/wp-json\/wp\/v2\/categories?post=15652"},{"taxonomy":"post_tag","embeddable":true,"href":"https:\/\/profeel.bzh\/wordpress\/wp-json\/wp\/v2\/tags?post=15652"}],"curies":[{"name":"wp","href":"https:\/\/api.w.org\/{rel}","templated":true}]}}