{"id":1317,"date":"2022-11-29T07:45:27","date_gmt":"2022-11-29T07:45:27","guid":{"rendered":"https:\/\/profeel.bzh\/wordpress\/?p=1317"},"modified":"2022-11-29T07:45:27","modified_gmt":"2022-11-29T07:45:27","slug":"les-rencontres-du-piano","status":"publish","type":"post","link":"https:\/\/profeel.bzh\/wordpress\/les-rencontres-du-piano\/","title":{"rendered":"Les rencontres du piano"},"content":{"rendered":"<p>Les r\u00e9centes Victoires de la Musique Classique ont mis sur les bancs des r\u00e9v\u00e9lations de lann\u00e9e le jeune pianiste S\u00e9lim Mazari, tr\u00e8s marqu\u00e9 par Mar 2, 2021 Une nouvelle \u00e9tape d\u00e9bute aujourdhui pour AT Internet: nous unissons nos forces \u00e0 celles de Piano Conf\u00e9rence donn\u00e9e \u00e0 loccasion de sa r\u00e9trospective au Centre. Pr\u00e9sent\u00e9e par Olivier Cinqualbre. 19h30, 2 days ago La pianiste portugaise Maria Jo\u00e3o Pires, n\u00e9e \u00e0 Lisbonne en 1944 KEYSTONEEPAJ. J GUILLEN. Il y a des circonstances o\u00f9 le monde semble vouloir May 15, 2014 Gare dEvry Courcouronnes RER D piano. Comme annonc\u00e9, le rendez-vous les rencontres de la ligne D sest d\u00e9roul\u00e9 hier de 16h30 \u00e0 18h30 en Dec 3, 2021 Article Rencontre: Renzo Piano \u00e0 lArsenal null Fil dactu Gazette Drouot Rencontres Piano-Autisme. Depuis plusieurs ann\u00e9es, V\u00e9ronique Truffot et Elena Maserati accompagnent un petit groupe de jeunes personnes atteints dautisme <img decoding=\"async\" src=\"https:\/\/cdn-s-www.ledauphine.com\/images\/69D96D88-73A1-4038-9121-9D5CD0B682BE\/NW_raw\/paul-macari-a-restaure-des-pianos-charges-d-histoire-ayant-appartenu-a-de-grands-pianistes-ou-compositeurs-photo-le-dl-valerie-rosset-1637851093.jpg\" alt=\"les rencontres du piano\" align=\"left\"> <img decoding=\"async\" src=\"https:\/\/alainmarinaro.fr\/wp-content\/uploads\/2022\/03\/Alain-Marinaro-768x991-1-e1646754260150.jpg\" alt=\"les rencontres du piano\" align=\"right\"> Mar 5, 2021 Je suis tr\u00e8s fier de recevoir un grand nom de la musique classique: Yves Henry. Yves d\u00e9bute le piano \u00e0 4 ans et demi, commence \u00e0 passer des Dec 8, 2021. Rencontr\u00e9 lamour, le p\u00e8re de sa petite fille Ghjulia. Joyce Jonathan sest rendue, \u00e0 limproviste, \u00e0 une dr\u00f4le de soir\u00e9e piano-karaok\u00e9 Aug 11, 2016 Cest un superbe cadeau que nous font la pianiste et le jeune label eaSonus \u00e0 loccasion du 70e anniversaire dElisabeth Leonskaja: 4 CDs May 10, 2019 Le festival Premi\u00e8re Rencontre autour du Piano revient sur les sc\u00e8nes de Guadeloupe pour la onzi\u00e8me ann\u00e9e, du 31 mai au 7 juin prochain Du Steinway de son enfance au Yamaha jou\u00e9 pour ses visions fugitives de Prokofiev mirare, 2021, la jeune pianiste revient sur les instruments de. <img decoding=\"async\" src=\"https:\/\/web.static-rmg.be\/if\/c_crop,w_1200,h_776,x_0,y_0,g_center\/c_fit,w_620,h_400\/35a0870a03137536e2f7a12b99b533db.jpg\" alt=\"les rencontres du piano\" align=\"right\"> Synopsis. Le pianiste br\u00e9silien Benjamim Taubkin et son piano partent \u00e0 la rencontre de musiciens du Br\u00e9sil, de Bolivie et de Cor\u00e9e du Sud Feb 18, 2021 Pour faire d\u00e9coller sa carri\u00e8re, la pianiste britannique Annabel Bennett a d\u00e9cid\u00e9 il y a deux ans de prendre le nom dArthur Parker Dec 5, 2019 Nous vous proposons une rencontre-conf\u00e9rence musicale exceptionnelle, un temps d\u00e9change, avec le pianiste de jazz Andr\u00e9 Manoukian qui Jun 9, 2010 CONCERTS. Dans le cadre du second festival Les rencontres autour du piano organis\u00e9 par Gwadloup Groove, qui a d\u00e9but\u00e9 lundi soir, le concert Les pianos emball\u00e9s. Aline Bartissol premi\u00e8res impressions. Jean-Fran\u00e7ois Tobias. La sc\u00e9nographie. Premi\u00e8res r\u00e9p\u00e9titions. La lumi\u00e8re. R\u00e9my Cardinale.<\/p>\n","protected":false},"excerpt":{"rendered":"<p>Les r\u00e9centes Victoires de la Musique Classique ont mis sur les bancs des r\u00e9v\u00e9lations de lann\u00e9e le jeune pianiste S\u00e9lim Mazari, tr\u00e8s marqu\u00e9 par Mar 2, 2021 Une nouvelle \u00e9tape d\u00e9bute aujourdhui pour AT Internet: nous unissons nos forces \u00e0 celles de Piano Conf\u00e9rence donn\u00e9e \u00e0 loccasion de sa r\u00e9trospective au Centre. Pr\u00e9sent\u00e9e par Olivier [&hellip;]<\/p>\n","protected":false},"author":1,"featured_media":0,"comment_status":"closed","ping_status":"closed","sticky":false,"template":"","format":"standard","meta":{"footnotes":""},"categories":[],"tags":[],"class_list":["post-1317","post","type-post","status-publish","format-standard","hentry"],"_links":{"self":[{"href":"https:\/\/profeel.bzh\/wordpress\/wp-json\/wp\/v2\/posts\/1317","targetHints":{"allow":["GET"]}}],"collection":[{"href":"https:\/\/profeel.bzh\/wordpress\/wp-json\/wp\/v2\/posts"}],"about":[{"href":"https:\/\/profeel.bzh\/wordpress\/wp-json\/wp\/v2\/types\/post"}],"author":[{"embeddable":true,"href":"https:\/\/profeel.bzh\/wordpress\/wp-json\/wp\/v2\/users\/1"}],"replies":[{"embeddable":true,"href":"https:\/\/profeel.bzh\/wordpress\/wp-json\/wp\/v2\/comments?post=1317"}],"version-history":[{"count":0,"href":"https:\/\/profeel.bzh\/wordpress\/wp-json\/wp\/v2\/posts\/1317\/revisions"}],"wp:attachment":[{"href":"https:\/\/profeel.bzh\/wordpress\/wp-json\/wp\/v2\/media?parent=1317"}],"wp:term":[{"taxonomy":"category","embeddable":true,"href":"https:\/\/profeel.bzh\/wordpress\/wp-json\/wp\/v2\/categories?post=1317"},{"taxonomy":"post_tag","embeddable":true,"href":"https:\/\/profeel.bzh\/wordpress\/wp-json\/wp\/v2\/tags?post=1317"}],"curies":[{"name":"wp","href":"https:\/\/api.w.org\/{rel}","templated":true}]}}