{"id":12727,"date":"2022-11-29T23:28:33","date_gmt":"2022-11-29T23:28:33","guid":{"rendered":"https:\/\/profeel.bzh\/wordpress\/?p=12727"},"modified":"2022-11-29T23:28:33","modified_gmt":"2022-11-29T23:28:33","slug":"rencontre-violoncelle-beauvais","status":"publish","type":"post","link":"https:\/\/profeel.bzh\/wordpress\/rencontre-violoncelle-beauvais\/","title":{"rendered":"Rencontre violoncelle beauvais"},"content":{"rendered":"<p>Sur linitiative dEmmanuelle Bertrand, \u00e0 une commande du Festival de violoncelle de Beauvais. Ce compositeur, que javais rencontr\u00e9 pour la premi\u00e8re <img decoding=\"async\" src=\"https:\/\/static.wixstatic.com\/media\/59f9e4_95131cb706204c9390a1bccfc1a8536c~mv2.jpg\/v1\/fill\/w_320,h_534,al_c,q_80,usm_0.66_1.00_0.01,enc_auto\/visuel 2022 V37 copie.jpg\" alt=\"rencontre violoncelle beauvais\" align=\"right\"> DU SAMEDI 4 MAI au samedi 11 mai, les Rencontres de violoncelles proposent une trentaine de concerts. Mais, avant le lancement officiel du festival Beauvais: Tr\u00e8s bon cru 2012 pour le festival de violoncelle. Beauvais: Rencontre avec la dessinatrice des L\u00e9gendaires Origines Festival international de violoncelle de beauvais 2021. Favoriser la pratique musicale par la rencontre de jeunes violoncellistes de niveau fin de 1er Actualit\u00e9s du Festival et de lAssociation pour le Rayonnement du Violoncelle Duo Cristal Baschet Violoncelle Concert Classique-jeudi 7 f\u00e9vrier 2019-H\u00f4tel de Beauvais, Paris, 75004-Toute linfo sur levenement <img decoding=\"async\" src=\"https:\/\/upload.wikimedia.org\/wikipedia\/commons\/thumb\/9\/90\/FIVB-logo-vectorise-hd.jpg\/1200px-FIVB-logo-vectorise-hd.jpg\" alt=\"rencontre violoncelle beauvais\" align=\"left\"> <img decoding=\"async\" src=\"https:\/\/www.resmusica.com\/wp-content\/uploads\/2021\/04\/Emmanuelle-Bertrand-ccJean-Baptiste-Millot-scaled.jpg\" alt=\"rencontre violoncelle beauvais\" align=\"center\"> Mar 11, 1986 Litanies pour quatre violoncelles. Auditorium Rostropovitch; Festival de violoncelle de Beauvais. A la rencontre de Jean-Louis F En r\u00e9sidence \u00e0 Saint-C\u00e9r\u00e9 pendant une semaine, la violoncelliste Aur\u00e9lie Allexandre. Lors du Festival International de Violoncelle de Beauvais 2015 Les cours de violoncelle sont des cours individuels. En 2007 il a cr\u00e9\u00e9 aux Rencontres Internationales de Beauvais D\u00e9bauches pour deux violoncelles et Oct 10, 2021 Le Conseil d\u00e9partemental de lOise, partenaire des Rencontres Musicales. De Marie Chilemme violon et Bruno Delepelaire violoncelle Lann\u00e9e de ses quinze ans la rencontre de Xavier Gagnepain au d\u00e9tour dune acad\u00e9mie de violoncelle scelle son destin du musicien: \u00e0 lautomne il rejoint les Cr\u00e9ation le 9 mai 1996, aux Quatri\u00e8mes Rencontres Internationales de violoncelle Beauvais par lOctuor de violoncelles, direction Jacques Bernaert Sep 20, 2006 Huit \u00e9l\u00e8ves du Conservatoire de Grenoble ont donn\u00e9 un concert lors des derni\u00e8res Rencontres densembles de violoncelles de Beauvais Manifestation Musique, Festival g\u00e9n\u00e9raliste-Le MUDO-Mus\u00e9e de l 39; Oise en partenariat avec le Festival de violoncelle de Beauvais 17-26 mai 2019 Jul 31, 2014 Les 26es Rencontres de violoncelle de B\u00e9laye se d\u00e9roulent du 1er au 8. Les rencontres belaycoises de violoncelles avec celles de Beauvais Dec 6, 2016 Le festival a \u00e9t\u00e9 cr\u00e9\u00e9 en 1993 et sest appel\u00e9 pendant de nombreuses ann\u00e9es Rencontres dEnsembles de Violoncelles de Beauvais May 28, 2020. Rencontres Internationales de Violoncelle de Beauvais, festival pr\u00e9sid\u00e9 \u00e0 l\u00e9poque par limmense violoncelliste Mstislav Rostropovitch Jul 24, 2008 Professeur de violoncelle \u00e0 l\u00e9cole nationale de musique et de danse de Beauvais, Jacques Bernaert a cr\u00e9\u00e9 en 1983 lOctuor de violoncelles qui Festival International de Violoncelle de Beauvais, Beauvais. S\u00e9rie: le t\u00e9moignage de Mich\u00e8le, alias Miloncelle, sur sa rencontre avec le violoncelle.<\/p>\n","protected":false},"excerpt":{"rendered":"<p>Sur linitiative dEmmanuelle Bertrand, \u00e0 une commande du Festival de violoncelle de Beauvais. Ce compositeur, que javais rencontr\u00e9 pour la premi\u00e8re DU SAMEDI 4 MAI au samedi 11 mai, les Rencontres de violoncelles proposent une trentaine de concerts. Mais, avant le lancement officiel du festival Beauvais: Tr\u00e8s bon cru 2012 pour le festival de violoncelle. [&hellip;]<\/p>\n","protected":false},"author":1,"featured_media":0,"comment_status":"closed","ping_status":"closed","sticky":false,"template":"","format":"standard","meta":{"footnotes":""},"categories":[],"tags":[],"class_list":["post-12727","post","type-post","status-publish","format-standard","hentry"],"_links":{"self":[{"href":"https:\/\/profeel.bzh\/wordpress\/wp-json\/wp\/v2\/posts\/12727","targetHints":{"allow":["GET"]}}],"collection":[{"href":"https:\/\/profeel.bzh\/wordpress\/wp-json\/wp\/v2\/posts"}],"about":[{"href":"https:\/\/profeel.bzh\/wordpress\/wp-json\/wp\/v2\/types\/post"}],"author":[{"embeddable":true,"href":"https:\/\/profeel.bzh\/wordpress\/wp-json\/wp\/v2\/users\/1"}],"replies":[{"embeddable":true,"href":"https:\/\/profeel.bzh\/wordpress\/wp-json\/wp\/v2\/comments?post=12727"}],"version-history":[{"count":0,"href":"https:\/\/profeel.bzh\/wordpress\/wp-json\/wp\/v2\/posts\/12727\/revisions"}],"wp:attachment":[{"href":"https:\/\/profeel.bzh\/wordpress\/wp-json\/wp\/v2\/media?parent=12727"}],"wp:term":[{"taxonomy":"category","embeddable":true,"href":"https:\/\/profeel.bzh\/wordpress\/wp-json\/wp\/v2\/categories?post=12727"},{"taxonomy":"post_tag","embeddable":true,"href":"https:\/\/profeel.bzh\/wordpress\/wp-json\/wp\/v2\/tags?post=12727"}],"curies":[{"name":"wp","href":"https:\/\/api.w.org\/{rel}","templated":true}]}}