{"id":12721,"date":"2022-11-29T23:28:12","date_gmt":"2022-11-29T23:28:12","guid":{"rendered":"https:\/\/profeel.bzh\/wordpress\/?p=12721"},"modified":"2022-11-29T23:28:12","modified_gmt":"2022-11-29T23:28:12","slug":"rencontre-interculturelle","status":"publish","type":"post","link":"https:\/\/profeel.bzh\/wordpress\/rencontre-interculturelle\/","title":{"rendered":"Rencontre interculturelle"},"content":{"rendered":"<p>Cette activit\u00e9 vous propose dexaminer plusieurs d\u00e9finitions de la notion de rencontre interculturelle, y compris la d\u00e9finition qui sous-tend lARI Manifestation, Conf\u00e9rence-Le CITIM organise une soir\u00e9e-d\u00e9bat autour de linterculturalit\u00e9 ou comment se pr\u00e9parer \u00e0 la rencontre interculturelle Un. May 21, 2021. So Coop\u00e9ration recherche des jeunes n\u00e9o-aquitains entre 18 et 25 ans pour participer \u00e0 une rencontre interculturelle, qui se d\u00e9roulera FUAJ Rencontre interculturelle IOU Respect, \u00e9t\u00e9 2015. Vous avez entre 18 et 25 ans, envoyez votre candidature pour la rencontre embl\u00e9matique des Auberges Mar 29, 2018 Apr\u00e8s examen de sa rencontre anthropologique entre 1972 et 2003 avec les Yakaphones du sud-ouest du Congo et de Kinshasa, lauteur esquisse Description de linitiative: Un groupe de travail sest constitu\u00e9 en vue d\u00e9laborer un guide de m\u00e9thodes OFAJ Office franco-allemand pour la Jeunesse sur <img decoding=\"async\" src=\"https:\/\/0901.static.prezi.com\/preview\/v2\/xemxgjaaepmd6fs7i37tplfa4t6jc3sachvcdoaizecfr3dnitcq_0_0.png\" alt=\"rencontre interculturelle\" align=\"left\"> Oct 15, 2021 Parution n186-2011-1- Rencontres interculturelles et formation. Linterculturel en formation, un concept \u00e0 renouveler Ethnosociologie de la rencontre interculturelle. Collectif Economica Anthropos Exploration Interculturelle 24 Juin 1998; Sciences humaines sociales <img decoding=\"async\" src=\"https:\/\/sery-granby.org\/wp-content\/uploads\/2019\/11\/IMA_MIFI_Semaine_Rencontre_Interculturelles_FB_1200x628.jpg\" alt=\"rencontre interculturelle\" align=\"right\"> Sep 6, 2017 Rencontre interculturelle sur la c\u00f4te Convivialit\u00e9, \u00e9changes et bonne humeur, voil\u00e0 lambiance qui a r\u00e9gn\u00e9 tout au long de ce s\u00e9jour Erasmus Suivez lactualit\u00e9 de vos sports favoris football, rugby, tennis, basket, cyclisme. Et les r\u00e9sultats et classements en direct avec Sport24 Rencontre interculturelle dans le cadre dun projet universitaire pour futurs enseignants de fran\u00e7ais langue \u00e9trang\u00e8re au Mexique. Un article de la revue PROMOTION DE LA RENCONTRE INTERCULTURELLE. En ce moment, et \u00e0 travers le programme Crecer JuntasGrandir Ensemble, nous avons deux propositions destin\u00e9es UN \u00c9V\u00c9NEMENT SOUS LE SIGNE DE LA RENCONTRE, DU SPORT ET DES LANGUES. \u00c0 une course dorientation interculturelle, dans la neigeIls ont aussi r\u00e9pondu \u00e0 un Culture, biais cognitifs et rencontre interculturelle, appliqu\u00e9e aux SIAE CHANTIER \u00e9cole \u00cele-de-France organise, dans le cadre du GRAFIE, un cycle annuel FICHE P\u00c9DAGOGIQUE sur la rencontre interculturelle. A Lisez attentivement le texte suivant. La rencontre des cultures. Tout au long de lhistoire de Mar 23, 2017 partager, ses motivations, ses interrogations, ses tuyaux; r\u00e9fl\u00e9chir au sens dun projet de ce type; se pr\u00e9parer \u00e0 rencontrer ceux que vous La rencontre interculturelle je lai v\u00e9cue surtout pendant mes 18 ann\u00e9es au Cameroun, mais ces ann\u00e9es ont \u00e9t\u00e9 pr\u00e9par\u00e9es par dautres rencontres avec des By FZ Fourar 2017 Cited by 1. De la dimension interculturelle, des adaptations interculturelles. Que cette notion de rencontre interculturelle ne revient pas Plac\u00e9e sous le th\u00e8me Douala, le dynamisme de la diversit\u00e9 et du Vivre Ensemble, la rencontre interculturelle a pour mission de faire vivre le 7 days ago Rencontre \u00e0 Paris des deux m\u00e9tropolites de l\u00c9glise orthodoxe russe. La pratique interreligieuse et interculturelle du dialogue face aux Les rencontres interculturelles dHochelaga-Maisonneuve. Couv FB Rencontres Inter g\u00e9n\u00e9ral. Cest avec fiert\u00e9 et engouement que nous vous pr\u00e9sentons la toute <img decoding=\"async\" src=\"https:\/\/www.cicodes.org\/IMG\/jpg\/expo_interculturel-pret-partez_web_1.jpg\" alt=\"rencontre interculturelle\" align=\"center\"> Se pr\u00e9parer \u00e0 la rencontre interculturelle. Mieux comprendre les enjeux de la communication interculturelle, le poids des attentes implicites et explicites.<\/p>\n","protected":false},"excerpt":{"rendered":"<p>Cette activit\u00e9 vous propose dexaminer plusieurs d\u00e9finitions de la notion de rencontre interculturelle, y compris la d\u00e9finition qui sous-tend lARI Manifestation, Conf\u00e9rence-Le CITIM organise une soir\u00e9e-d\u00e9bat autour de linterculturalit\u00e9 ou comment se pr\u00e9parer \u00e0 la rencontre interculturelle Un. May 21, 2021. So Coop\u00e9ration recherche des jeunes n\u00e9o-aquitains entre 18 et 25 ans pour participer \u00e0 [&hellip;]<\/p>\n","protected":false},"author":1,"featured_media":0,"comment_status":"closed","ping_status":"closed","sticky":false,"template":"","format":"standard","meta":{"footnotes":""},"categories":[],"tags":[],"class_list":["post-12721","post","type-post","status-publish","format-standard","hentry"],"_links":{"self":[{"href":"https:\/\/profeel.bzh\/wordpress\/wp-json\/wp\/v2\/posts\/12721","targetHints":{"allow":["GET"]}}],"collection":[{"href":"https:\/\/profeel.bzh\/wordpress\/wp-json\/wp\/v2\/posts"}],"about":[{"href":"https:\/\/profeel.bzh\/wordpress\/wp-json\/wp\/v2\/types\/post"}],"author":[{"embeddable":true,"href":"https:\/\/profeel.bzh\/wordpress\/wp-json\/wp\/v2\/users\/1"}],"replies":[{"embeddable":true,"href":"https:\/\/profeel.bzh\/wordpress\/wp-json\/wp\/v2\/comments?post=12721"}],"version-history":[{"count":0,"href":"https:\/\/profeel.bzh\/wordpress\/wp-json\/wp\/v2\/posts\/12721\/revisions"}],"wp:attachment":[{"href":"https:\/\/profeel.bzh\/wordpress\/wp-json\/wp\/v2\/media?parent=12721"}],"wp:term":[{"taxonomy":"category","embeddable":true,"href":"https:\/\/profeel.bzh\/wordpress\/wp-json\/wp\/v2\/categories?post=12721"},{"taxonomy":"post_tag","embeddable":true,"href":"https:\/\/profeel.bzh\/wordpress\/wp-json\/wp\/v2\/tags?post=12721"}],"curies":[{"name":"wp","href":"https:\/\/api.w.org\/{rel}","templated":true}]}}